{"id":24877,"date":"2020-07-24T00:00:00","date_gmt":"2020-07-24T00:00:00","guid":{"rendered":"https:\/\/liincstudy.org\/crees-que-covid-19-dura-2-semanas-this-patient-has-been-suffering-for-months\/"},"modified":"2024-05-15T17:38:37","modified_gmt":"2024-05-15T17:38:37","slug":"crees-que-covid-19-dura-2-semanas-this-patient-has-been-suffering-for-months","status":"publish","type":"post","link":"https:\/\/liincstudy.org\/es\/crees-que-covid-19-dura-2-semanas-this-patient-has-been-suffering-for-months\/","title":{"rendered":"\u00bfCrees que COVID-19 dura 2 semanas? This patient has been suffering for months"},"content":{"rendered":"\n<p>Lo que menos entienden los cient\u00edficos sobre el COVID-19 son sus efectos a largo plazo. La sabidur\u00eda convencional dice que la mayor\u00eda de los casos son leves y que la infecci\u00f3n dura unas dos semanas, pero algunas personas llevan mucho m\u00e1s tiempo con s\u00edntomas graves.<\/p>\n\n<p>Cliff Morrison es administrador sanitario en el \u00c1rea de la Bah\u00eda y lleva meses experimentando s\u00edntomas. Participa en el estudio de dos a\u00f1os de la UCSF sobre los efectos a largo plazo del COVID-19.  <\/p>\n\n<p>KCRW: \u00bfCu\u00e1ndo enfermaste por primera vez y cu\u00e1ndo te diagnosticaron la enfermedad?<\/p>\n\n<p>Cliff Morrison:<strong> <\/strong>&#8220;Empec\u00e9 con lo que pens\u00e9 que era un ataque de alergia muy grave, porque he tenido alergias cr\u00f3nicas toda mi vida, alrededor de la \u00faltima semana de marzo. Y la primera semana de abril, me di cuenta de que si esto era alergia, era la m\u00e1s grave que hab\u00eda tenido nunca. Pero nunca me hab\u00eda subido la temperatura [temperature]. Entonces, el 8 de abril, llegu\u00e9 al trabajo y me sent\u00ed fatal. Sent\u00ed que hab\u00eda chocado contra un muro y me di cuenta de que probablemente necesitaba atenci\u00f3n m\u00e9dica. As\u00ed que llam\u00e9 a mi m\u00e9dico y pudo verme esa misma tarde. Y me diagnostic\u00f3 inmediatamente con s\u00f3lo examinarme y ver los s\u00edntomas que ten\u00eda.<\/p>\n","protected":false},"excerpt":{"rendered":"<p>Lo que menos entienden los cient\u00edficos sobre el COVID-19 son sus efectos a largo plazo. La sabidur\u00eda convencional dice que la mayor\u00eda de los casos son leves y que la infecci\u00f3n dura unas dos semanas, pero algunas personas llevan mucho m\u00e1s tiempo con s\u00edntomas graves. Cliff Morrison es administrador sanitario en el \u00c1rea de la [&hellip;]<\/p>\n","protected":false},"author":2,"featured_media":0,"comment_status":"closed","ping_status":"open","sticky":false,"template":"","format":"standard","meta":{"_acf_changed":false,"footnotes":""},"class_list":["post-24877","post","type-post","status-publish","format-standard"],"acf":[],"yoast_head":"<!-- This site is optimized with the Yoast SEO plugin v27.5 - https:\/\/yoast.com\/product\/yoast-seo-wordpress\/ -->\n<title>\u00bfCrees que COVID-19 dura 2 semanas? This patient has been suffering for months - LIINC<\/title>\n<meta name=\"description\" content=\"Lo que menos entienden los cient\u00edficos sobre el COVID-19 son sus efectos a largo plazo. La sabidur\u00eda convencional dice que la mayor\u00eda de los casos son\" \/>\n<meta name=\"robots\" content=\"index, follow, max-snippet:-1, max-image-preview:large, max-video-preview:-1\" \/>\n<link rel=\"canonical\" href=\"https:\/\/liincstudy.org\/es\/crees-que-covid-19-dura-2-semanas-this-patient-has-been-suffering-for-months\/\" \/>\n<meta property=\"og:locale\" content=\"es_ES\" \/>\n<meta property=\"og:type\" content=\"article\" \/>\n<meta property=\"og:title\" content=\"\u00bfCrees que COVID-19 dura 2 semanas? This patient has been suffering for months - LIINC\" \/>\n<meta property=\"og:description\" content=\"Lo que menos entienden los cient\u00edficos sobre el COVID-19 son sus efectos a largo plazo. La sabidur\u00eda convencional dice que la mayor\u00eda de los casos son\" \/>\n<meta property=\"og:url\" content=\"https:\/\/liincstudy.org\/es\/crees-que-covid-19-dura-2-semanas-this-patient-has-been-suffering-for-months\/\" \/>\n<meta property=\"og:site_name\" content=\"LIINC\" \/>\n<meta property=\"article:published_time\" content=\"2020-07-24T00:00:00+00:00\" \/>\n<meta property=\"article:modified_time\" content=\"2024-05-15T17:38:37+00:00\" \/>\n<meta property=\"og:image\" content=\"https:\/\/liincstudy.org\/wp-content\/uploads\/2024\/05\/UCSF-tests-people-in-San-Francisco-for-covid-19.jpg\" \/>\n\t<meta property=\"og:image:width\" content=\"1320\" \/>\n\t<meta property=\"og:image:height\" content=\"880\" \/>\n\t<meta property=\"og:image:type\" content=\"image\/jpeg\" \/>\n<meta name=\"author\" content=\"Meta Interactive\" \/>\n<meta name=\"twitter:card\" content=\"summary_large_image\" \/>\n<script type=\"application\/ld+json\" class=\"yoast-schema-graph\">{\"@context\":\"https:\\\/\\\/schema.org\",\"@graph\":[{\"@type\":\"Article\",\"@id\":\"https:\\\/\\\/liincstudy.org\\\/es\\\/crees-que-covid-19-dura-2-semanas-this-patient-has-been-suffering-for-months\\\/#article\",\"isPartOf\":{\"@id\":\"https:\\\/\\\/liincstudy.org\\\/es\\\/crees-que-covid-19-dura-2-semanas-this-patient-has-been-suffering-for-months\\\/\"},\"author\":{\"name\":\"Meta Interactive\",\"@id\":\"https:\\\/\\\/liincstudy.org\\\/es\\\/#\\\/schema\\\/person\\\/83f19be9176841a4764f171e11f1d049\"},\"headline\":\"\u00bfCrees que COVID-19 dura 2 semanas? This patient has been suffering for months\",\"datePublished\":\"2020-07-24T00:00:00+00:00\",\"dateModified\":\"2024-05-15T17:38:37+00:00\",\"mainEntityOfPage\":{\"@id\":\"https:\\\/\\\/liincstudy.org\\\/es\\\/crees-que-covid-19-dura-2-semanas-this-patient-has-been-suffering-for-months\\\/\"},\"wordCount\":239,\"publisher\":{\"@id\":\"https:\\\/\\\/liincstudy.org\\\/es\\\/#organization\"},\"inLanguage\":\"es\"},{\"@type\":\"WebPage\",\"@id\":\"https:\\\/\\\/liincstudy.org\\\/es\\\/crees-que-covid-19-dura-2-semanas-this-patient-has-been-suffering-for-months\\\/\",\"url\":\"https:\\\/\\\/liincstudy.org\\\/es\\\/crees-que-covid-19-dura-2-semanas-this-patient-has-been-suffering-for-months\\\/\",\"name\":\"\u00bfCrees que COVID-19 dura 2 semanas? This patient has been suffering for months - LIINC\",\"isPartOf\":{\"@id\":\"https:\\\/\\\/liincstudy.org\\\/es\\\/#website\"},\"datePublished\":\"2020-07-24T00:00:00+00:00\",\"dateModified\":\"2024-05-15T17:38:37+00:00\",\"description\":\"Lo que menos entienden los cient\u00edficos sobre el COVID-19 son sus efectos a largo plazo. La sabidur\u00eda convencional dice que la mayor\u00eda de los casos son\",\"breadcrumb\":{\"@id\":\"https:\\\/\\\/liincstudy.org\\\/es\\\/crees-que-covid-19-dura-2-semanas-this-patient-has-been-suffering-for-months\\\/#breadcrumb\"},\"inLanguage\":\"es\",\"potentialAction\":[{\"@type\":\"ReadAction\",\"target\":[\"https:\\\/\\\/liincstudy.org\\\/es\\\/crees-que-covid-19-dura-2-semanas-this-patient-has-been-suffering-for-months\\\/\"]}]},{\"@type\":\"BreadcrumbList\",\"@id\":\"https:\\\/\\\/liincstudy.org\\\/es\\\/crees-que-covid-19-dura-2-semanas-this-patient-has-been-suffering-for-months\\\/#breadcrumb\",\"itemListElement\":[{\"@type\":\"ListItem\",\"position\":1,\"name\":\"Home\",\"item\":\"https:\\\/\\\/liincstudy.org\\\/es\\\/\"},{\"@type\":\"ListItem\",\"position\":2,\"name\":\"\u00bfCrees que COVID-19 dura 2 semanas? This patient has been suffering for months\"}]},{\"@type\":\"WebSite\",\"@id\":\"https:\\\/\\\/liincstudy.org\\\/es\\\/#website\",\"url\":\"https:\\\/\\\/liincstudy.org\\\/es\\\/\",\"name\":\"Long-term Impact of Infection with Novel Coronavirus\",\"description\":\"Long-term Impact of Infection with Novel Coronavirus\",\"publisher\":{\"@id\":\"https:\\\/\\\/liincstudy.org\\\/es\\\/#organization\"},\"alternateName\":\"LIINC\",\"potentialAction\":[{\"@type\":\"SearchAction\",\"target\":{\"@type\":\"EntryPoint\",\"urlTemplate\":\"https:\\\/\\\/liincstudy.org\\\/es\\\/?s={search_term_string}\"},\"query-input\":{\"@type\":\"PropertyValueSpecification\",\"valueRequired\":true,\"valueName\":\"search_term_string\"}}],\"inLanguage\":\"es\"},{\"@type\":\"Organization\",\"@id\":\"https:\\\/\\\/liincstudy.org\\\/es\\\/#organization\",\"name\":\"Long-term Impact of Infection with Novel Coronavirus\",\"alternateName\":\"LIINC\",\"url\":\"https:\\\/\\\/liincstudy.org\\\/es\\\/\",\"logo\":{\"@type\":\"ImageObject\",\"inLanguage\":\"es\",\"@id\":\"https:\\\/\\\/liincstudy.org\\\/es\\\/#\\\/schema\\\/logo\\\/image\\\/\",\"url\":\"https:\\\/\\\/liincstudy.org\\\/wp-content\\\/uploads\\\/2023\\\/11\\\/liinc-logo-stacked.svg\",\"contentUrl\":\"https:\\\/\\\/liincstudy.org\\\/wp-content\\\/uploads\\\/2023\\\/11\\\/liinc-logo-stacked.svg\",\"width\":129,\"height\":141,\"caption\":\"Long-term Impact of Infection with Novel Coronavirus\"},\"image\":{\"@id\":\"https:\\\/\\\/liincstudy.org\\\/es\\\/#\\\/schema\\\/logo\\\/image\\\/\"}},{\"@type\":\"Person\",\"@id\":\"https:\\\/\\\/liincstudy.org\\\/es\\\/#\\\/schema\\\/person\\\/83f19be9176841a4764f171e11f1d049\",\"name\":\"Meta Interactive\",\"image\":{\"@type\":\"ImageObject\",\"inLanguage\":\"es\",\"@id\":\"https:\\\/\\\/secure.gravatar.com\\\/avatar\\\/fe8959a1e8ab2ebe894bf8f15640bed43404c935b32f85b6d618c8dafe6f0c20?s=96&d=mm&r=g\",\"url\":\"https:\\\/\\\/secure.gravatar.com\\\/avatar\\\/fe8959a1e8ab2ebe894bf8f15640bed43404c935b32f85b6d618c8dafe6f0c20?s=96&d=mm&r=g\",\"contentUrl\":\"https:\\\/\\\/secure.gravatar.com\\\/avatar\\\/fe8959a1e8ab2ebe894bf8f15640bed43404c935b32f85b6d618c8dafe6f0c20?s=96&d=mm&r=g\",\"caption\":\"Meta Interactive\"},\"sameAs\":[\"https:\\\/\\\/metainteractive.com\"]}]}<\/script>\n<!-- \/ Yoast SEO plugin. -->","yoast_head_json":{"title":"\u00bfCrees que COVID-19 dura 2 semanas? This patient has been suffering for months - LIINC","description":"Lo que menos entienden los cient\u00edficos sobre el COVID-19 son sus efectos a largo plazo. La sabidur\u00eda convencional dice que la mayor\u00eda de los casos son","robots":{"index":"index","follow":"follow","max-snippet":"max-snippet:-1","max-image-preview":"max-image-preview:large","max-video-preview":"max-video-preview:-1"},"canonical":"https:\/\/liincstudy.org\/es\/crees-que-covid-19-dura-2-semanas-this-patient-has-been-suffering-for-months\/","og_locale":"es_ES","og_type":"article","og_title":"\u00bfCrees que COVID-19 dura 2 semanas? This patient has been suffering for months - LIINC","og_description":"Lo que menos entienden los cient\u00edficos sobre el COVID-19 son sus efectos a largo plazo. La sabidur\u00eda convencional dice que la mayor\u00eda de los casos son","og_url":"https:\/\/liincstudy.org\/es\/crees-que-covid-19-dura-2-semanas-this-patient-has-been-suffering-for-months\/","og_site_name":"LIINC","article_published_time":"2020-07-24T00:00:00+00:00","article_modified_time":"2024-05-15T17:38:37+00:00","og_image":[{"width":1320,"height":880,"url":"https:\/\/liincstudy.org\/wp-content\/uploads\/2024\/05\/UCSF-tests-people-in-San-Francisco-for-covid-19.jpg","type":"image\/jpeg"}],"author":"Meta Interactive","twitter_card":"summary_large_image","schema":{"@context":"https:\/\/schema.org","@graph":[{"@type":"Article","@id":"https:\/\/liincstudy.org\/es\/crees-que-covid-19-dura-2-semanas-this-patient-has-been-suffering-for-months\/#article","isPartOf":{"@id":"https:\/\/liincstudy.org\/es\/crees-que-covid-19-dura-2-semanas-this-patient-has-been-suffering-for-months\/"},"author":{"name":"Meta Interactive","@id":"https:\/\/liincstudy.org\/es\/#\/schema\/person\/83f19be9176841a4764f171e11f1d049"},"headline":"\u00bfCrees que COVID-19 dura 2 semanas? This patient has been suffering for months","datePublished":"2020-07-24T00:00:00+00:00","dateModified":"2024-05-15T17:38:37+00:00","mainEntityOfPage":{"@id":"https:\/\/liincstudy.org\/es\/crees-que-covid-19-dura-2-semanas-this-patient-has-been-suffering-for-months\/"},"wordCount":239,"publisher":{"@id":"https:\/\/liincstudy.org\/es\/#organization"},"inLanguage":"es"},{"@type":"WebPage","@id":"https:\/\/liincstudy.org\/es\/crees-que-covid-19-dura-2-semanas-this-patient-has-been-suffering-for-months\/","url":"https:\/\/liincstudy.org\/es\/crees-que-covid-19-dura-2-semanas-this-patient-has-been-suffering-for-months\/","name":"\u00bfCrees que COVID-19 dura 2 semanas? This patient has been suffering for months - LIINC","isPartOf":{"@id":"https:\/\/liincstudy.org\/es\/#website"},"datePublished":"2020-07-24T00:00:00+00:00","dateModified":"2024-05-15T17:38:37+00:00","description":"Lo que menos entienden los cient\u00edficos sobre el COVID-19 son sus efectos a largo plazo. La sabidur\u00eda convencional dice que la mayor\u00eda de los casos son","breadcrumb":{"@id":"https:\/\/liincstudy.org\/es\/crees-que-covid-19-dura-2-semanas-this-patient-has-been-suffering-for-months\/#breadcrumb"},"inLanguage":"es","potentialAction":[{"@type":"ReadAction","target":["https:\/\/liincstudy.org\/es\/crees-que-covid-19-dura-2-semanas-this-patient-has-been-suffering-for-months\/"]}]},{"@type":"BreadcrumbList","@id":"https:\/\/liincstudy.org\/es\/crees-que-covid-19-dura-2-semanas-this-patient-has-been-suffering-for-months\/#breadcrumb","itemListElement":[{"@type":"ListItem","position":1,"name":"Home","item":"https:\/\/liincstudy.org\/es\/"},{"@type":"ListItem","position":2,"name":"\u00bfCrees que COVID-19 dura 2 semanas? This patient has been suffering for months"}]},{"@type":"WebSite","@id":"https:\/\/liincstudy.org\/es\/#website","url":"https:\/\/liincstudy.org\/es\/","name":"Long-term Impact of Infection with Novel Coronavirus","description":"Long-term Impact of Infection with Novel Coronavirus","publisher":{"@id":"https:\/\/liincstudy.org\/es\/#organization"},"alternateName":"LIINC","potentialAction":[{"@type":"SearchAction","target":{"@type":"EntryPoint","urlTemplate":"https:\/\/liincstudy.org\/es\/?s={search_term_string}"},"query-input":{"@type":"PropertyValueSpecification","valueRequired":true,"valueName":"search_term_string"}}],"inLanguage":"es"},{"@type":"Organization","@id":"https:\/\/liincstudy.org\/es\/#organization","name":"Long-term Impact of Infection with Novel Coronavirus","alternateName":"LIINC","url":"https:\/\/liincstudy.org\/es\/","logo":{"@type":"ImageObject","inLanguage":"es","@id":"https:\/\/liincstudy.org\/es\/#\/schema\/logo\/image\/","url":"https:\/\/liincstudy.org\/wp-content\/uploads\/2023\/11\/liinc-logo-stacked.svg","contentUrl":"https:\/\/liincstudy.org\/wp-content\/uploads\/2023\/11\/liinc-logo-stacked.svg","width":129,"height":141,"caption":"Long-term Impact of Infection with Novel Coronavirus"},"image":{"@id":"https:\/\/liincstudy.org\/es\/#\/schema\/logo\/image\/"}},{"@type":"Person","@id":"https:\/\/liincstudy.org\/es\/#\/schema\/person\/83f19be9176841a4764f171e11f1d049","name":"Meta Interactive","image":{"@type":"ImageObject","inLanguage":"es","@id":"https:\/\/secure.gravatar.com\/avatar\/fe8959a1e8ab2ebe894bf8f15640bed43404c935b32f85b6d618c8dafe6f0c20?s=96&d=mm&r=g","url":"https:\/\/secure.gravatar.com\/avatar\/fe8959a1e8ab2ebe894bf8f15640bed43404c935b32f85b6d618c8dafe6f0c20?s=96&d=mm&r=g","contentUrl":"https:\/\/secure.gravatar.com\/avatar\/fe8959a1e8ab2ebe894bf8f15640bed43404c935b32f85b6d618c8dafe6f0c20?s=96&d=mm&r=g","caption":"Meta Interactive"},"sameAs":["https:\/\/metainteractive.com"]}]}},"_links":{"self":[{"href":"https:\/\/liincstudy.org\/es\/wp-json\/wp\/v2\/posts\/24877","targetHints":{"allow":["GET"]}}],"collection":[{"href":"https:\/\/liincstudy.org\/es\/wp-json\/wp\/v2\/posts"}],"about":[{"href":"https:\/\/liincstudy.org\/es\/wp-json\/wp\/v2\/types\/post"}],"author":[{"embeddable":true,"href":"https:\/\/liincstudy.org\/es\/wp-json\/wp\/v2\/users\/2"}],"replies":[{"embeddable":true,"href":"https:\/\/liincstudy.org\/es\/wp-json\/wp\/v2\/comments?post=24877"}],"version-history":[{"count":0,"href":"https:\/\/liincstudy.org\/es\/wp-json\/wp\/v2\/posts\/24877\/revisions"}],"wp:attachment":[{"href":"https:\/\/liincstudy.org\/es\/wp-json\/wp\/v2\/media?parent=24877"}],"curies":[{"name":"wp","href":"https:\/\/api.w.org\/{rel}","templated":true}]}}